{"id":2744,"date":"2020-01-27T22:31:35","date_gmt":"2020-01-27T20:31:35","guid":{"rendered":"http:\/\/www.egela.aek.eus\/bloga\/?p=2744"},"modified":"2020-01-29T17:56:04","modified_gmt":"2020-01-29T15:56:04","slug":"urtarrilaren-30ean-greba","status":"publish","type":"post","link":"http:\/\/www.egela.aek.eus\/bloga\/blog\/urtarrilaren-30ean-greba\/","title":{"rendered":"E-uskaltegiko langileok urtarrilaren 30eko grebarekin bat egin dugu."},"content":{"rendered":"\n<p><strong>AEKren online zerbitzuan- E-uskaltegian- lanean dihardugun langileok bat egin dugu urtarrilaren 30eko <span class=\"highlight\">grebarekin; <\/span>hamaika arrazoi badelako horretarako.<\/strong> &nbsp;&nbsp;&nbsp;<\/p>\n\n\n\n<div class=\"wp-block-image\"><figure class=\"aligncenter size-large\"><img loading=\"lazy\" decoding=\"async\" width=\"189\" height=\"266\" src=\"http:\/\/www.egela.aek.eus\/bloga\/wp-content\/uploads\/2020\/01\/greba-2-1.jpeg\" alt=\"\" class=\"wp-image-2756\" \/><figcaption><strong>Hori dela eta, gunea itxita egongo da 2020\/01\/30eko gauerdira arte.<\/strong><br> <em>Los trabajadores del E-uskaltegi nos hemos sumado a la huelga del 30 de enero. Por eso esta web permanecera cerrada hasta la medianoche del 30\/01\/2020.<\/em><br> Les travailleuses de E-uskaltegi ont rejoint la gr\u00e8ve du 30 janvier. C&#8217;est pourquoi ce site restera ferm\u00e9 jusqu&#8217;\u00e0 minuit le 30\/01\/2020.<\/figcaption><\/figure><\/div>\n\n\n\n<div class=\"wp-block-image\"><figure class=\"aligncenter size-large\"><a href=\"https:\/\/www.egela.aek.eus\/\"><img loading=\"lazy\" decoding=\"async\" width=\"190\" height=\"266\" src=\"http:\/\/www.egela.aek.eus\/bloga\/wp-content\/uploads\/2020\/01\/greba-1.jpeg\" alt=\"\" class=\"wp-image-2762\" \/><\/a><\/figure><\/div>\n\n\n","protected":false},"excerpt":{"rendered":"<p>AEKren online zerbitzuan- E-uskaltegian- lanean dihardugun langileok bat egin dugu urtarrilaren 30eko grebarekin; hamaika arrazoi badelako horretarako. &nbsp;&nbsp;&nbsp;<\/p>\n","protected":false},"author":11,"featured_media":0,"comment_status":"open","ping_status":"open","sticky":false,"template":"","format":"standard","meta":{"footnotes":""},"categories":[1],"tags":[],"_links":{"self":[{"href":"http:\/\/www.egela.aek.eus\/bloga\/wp-json\/wp\/v2\/posts\/2744"}],"collection":[{"href":"http:\/\/www.egela.aek.eus\/bloga\/wp-json\/wp\/v2\/posts"}],"about":[{"href":"http:\/\/www.egela.aek.eus\/bloga\/wp-json\/wp\/v2\/types\/post"}],"author":[{"embeddable":true,"href":"http:\/\/www.egela.aek.eus\/bloga\/wp-json\/wp\/v2\/users\/11"}],"replies":[{"embeddable":true,"href":"http:\/\/www.egela.aek.eus\/bloga\/wp-json\/wp\/v2\/comments?post=2744"}],"version-history":[{"count":25,"href":"http:\/\/www.egela.aek.eus\/bloga\/wp-json\/wp\/v2\/posts\/2744\/revisions"}],"predecessor-version":[{"id":2775,"href":"http:\/\/www.egela.aek.eus\/bloga\/wp-json\/wp\/v2\/posts\/2744\/revisions\/2775"}],"wp:attachment":[{"href":"http:\/\/www.egela.aek.eus\/bloga\/wp-json\/wp\/v2\/media?parent=2744"}],"wp:term":[{"taxonomy":"category","embeddable":true,"href":"http:\/\/www.egela.aek.eus\/bloga\/wp-json\/wp\/v2\/categories?post=2744"},{"taxonomy":"post_tag","embeddable":true,"href":"http:\/\/www.egela.aek.eus\/bloga\/wp-json\/wp\/v2\/tags?post=2744"}],"curies":[{"name":"wp","href":"https:\/\/api.w.org\/{rel}","templated":true}]}}